{"id":10296,"date":"2026-08-24T17:14:58","date_gmt":"2026-08-24T15:14:58","guid":{"rendered":"https:\/\/www.daltonsomare.com\/?p=10296"},"modified":"2026-08-26T10:50:32","modified_gmt":"2026-08-26T08:50:32","slug":"25-ans-de-parcours-des-mondes","status":"publish","type":"post","link":"https:\/\/www.daltonsomare.com\/fr\/25-ans-de-parcours-des-mondes\/","title":{"rendered":"25 ans de Parcours des Mondes!"},"content":{"rendered":"<div class=\"wpb-content-wrapper\"><p>[vc_row][vc_column][vc_column_text css=\u00a0\u00bb.vc_custom_1787734227421{margin-top: 25px !important;}\u00a0\u00bb el_class=\u00a0\u00bbpost-flat-h2&Prime;]<\/p>\n<article lang=\"fr\">Alors que nous c\u00e9l\u00e9brons les 25 ans de Parcours des Mondes, il nous semble que c\u2019\u00e9tait hier encore que nous acceptions de soutenir le projet et de participer \u00e0 <strong>la premi\u00e8re \u00e9dition de ces \u00ab portes ouvertes \u00bb<\/strong> parisiennes.<br \/>\n\u00c0 l\u2019\u00e9poque, le Parcours et\u00e1it Kaos, et nous avons d\u00e9cid\u00e9 de pousser le pari encore plus loin, en exposant \u00e0 <strong>la Galerie Le Minotaure<\/strong>, aux c\u00f4t\u00e9s de <strong>Alain de Monbrison<\/strong>.<br \/>\nLes participants n\u2019\u00e9taient gu\u00e8re plus d\u2019une vingtaine, tous convaincus que <strong>Paris<\/strong>,<strong> grande capitale des arts premiers<\/strong>, accueillerait ce nouvel \u00e9v\u00e9nement et attirerait amateurs et collectionneurs du monde entier.<\/article>\n<article lang=\"fr\"><\/article>\n<article lang=\"fr\"><\/article>\n<article lang=\"fr\"><\/article>\n<article lang=\"fr\">Et ce fut le cas.<\/p>\n<p style=\"text-align: justify;\">Aujourd&rsquo;hui, <strong>Parcours des Mondes<\/strong> c\u00e9l\u00e8bre non seulement son vingt-cinqui\u00e8me anniversaire, mais aussi <strong>vingt-cinq ann\u00e9es de succ\u00e8s<\/strong>.<br \/>\nDe nombreux souvenirs demeurent : les amis, les objets et <strong>le pr\u00e9cieux sentiment d\u2019appartenir \u00e0 une communaut\u00e9<\/strong>.<br \/>\nCette ann\u00e9e encore, nous exposerons au <strong>22 rue de Seine<\/strong>.<br \/>\nAu fil des ann\u00e9es, nous avons partag\u00e9 cette galerie avec <strong>John Giltsoff<\/strong>, ami irr\u00e9v\u00e9rencieux et ma\u00eetre de l\u2019ironie. Ensemble, nous avons imagin\u00e9 des expositions \u00e9clectiques et sophistiqu\u00e9es, toujours guid\u00e9es par <strong>la qualit\u00e9 et l\u2019\u00e9l\u00e9gance<\/strong>.<br \/>\nCette ann\u00e9e, nous pr\u00e9senterons une nouvelle fois une exposition dans l\u2019esprit de celles que nous avions alors con\u00e7ues ensemble, <strong>en hommage \u00e0 l\u2019histoire et \u00e0 l\u2019avenir de Parcours des Mondes<\/strong>.<\/p>\n<\/article>\n<p>[\/vc_column_text][\/vc_column][\/vc_row][vc_row][vc_column][vc_single_image image=\u00a0\u00bb10324&Prime; img_size=\u00a0\u00bbmedium\u00a0\u00bb css=\u00a0\u00bb\u00a0\u00bb][\/vc_column][\/vc_row][vc_row][vc_column][vc_single_image image=\u00a0\u00bb10285&Prime; img_size=\u00a0\u00bbmedium\u00a0\u00bb css=\u00a0\u00bb\u00a0\u00bb][\/vc_column][\/vc_row]<\/p>\n<\/div>","protected":false},"excerpt":{"rendered":"<p>[vc_row][vc_column][vc_column_text css=\u00a0\u00bb.vc_custom_1787734227421{margin-top: 25px !important;}\u00a0\u00bb el_class=\u00a0\u00bbpost-flat-h2&Prime;] Alors que nous c\u00e9l\u00e9brons les 25 ans de Parcours des Mondes, il nous semble que c\u2019\u00e9tait hier encore que nous acceptions<span class=\"excerpt-hellip\"> [\u2026]<\/span><\/p>\n","protected":false},"author":1,"featured_media":10285,"comment_status":"open","ping_status":"open","sticky":false,"template":"","format":"standard","meta":{"_acf_changed":false,"footnotes":""},"categories":[165],"tags":[],"class_list":["post-10296","post","type-post","status-publish","format-standard","has-post-thumbnail","hentry","category-news-fr"],"acf":[],"yoast_head":"<!-- This site is optimized with the Yoast SEO plugin v28.3 - https:\/\/yoast.com\/product\/yoast-seo-wordpress\/ -->\n<title>25 ans de Parcours des Mondes | Dalton Somar\u00e9<\/title>\n<meta name=\"description\" content=\"Dalton Somar\u00e9 c\u00e9l\u00e8bre 25 ans de Parcours des Mondes et revient au 22 rue de Seine avec une exposition plac\u00e9e sous le signe de la qualit\u00e9 et de l\u2019\u00e9l\u00e9gance.\" \/>\n<meta name=\"robots\" content=\"index, follow, max-snippet:-1, max-image-preview:large, max-video-preview:-1\" \/>\n<link rel=\"canonical\" href=\"https:\/\/www.daltonsomare.com\/fr\/25-ans-de-parcours-des-mondes\/\/\" \/>\n<meta property=\"og:locale\" content=\"fr_FR\" \/>\n<meta property=\"og:type\" content=\"article\" \/>\n<meta property=\"og:title\" content=\"25 ans de Parcours des Mondes | Dalton Somar\u00e9\" \/>\n<meta property=\"og:description\" content=\"Dalton Somar\u00e9 c\u00e9l\u00e8bre 25 ans de Parcours des Mondes et revient au 22 rue de Seine avec une exposition plac\u00e9e sous le signe de la qualit\u00e9 et de l\u2019\u00e9l\u00e9gance.\" \/>\n<meta property=\"og:url\" content=\"https:\/\/www.daltonsomare.com\/fr\/25-ans-de-parcours-des-mondes\/\/\" \/>\n<meta property=\"og:site_name\" content=\"Dalton Somar\u00e9\" \/>\n<meta property=\"article:publisher\" content=\"https:\/\/www.facebook.com\/Dalton.Somare\" \/>\n<meta property=\"article:published_time\" content=\"2026-08-24T15:14:58+00:00\" \/>\n<meta property=\"article:modified_time\" content=\"2026-08-26T08:50:32+00:00\" \/>\n<meta property=\"og:image\" content=\"https:\/\/www.daltonsomare.com\/wp-content\/uploads\/2026\/08\/African-Art-Newsletter-Parcours-des-Mondes-Paris-2026-Dalton-Somare.jpg\" \/>\n\t<meta property=\"og:image:width\" content=\"1595\" \/>\n\t<meta property=\"og:image:height\" content=\"1754\" \/>\n\t<meta property=\"og:image:type\" content=\"image\/jpeg\" \/>\n<meta name=\"author\" content=\"admin\" \/>\n<meta name=\"twitter:card\" content=\"summary_large_image\" \/>\n<script type=\"application\/ld+json\" class=\"yoast-schema-graph\">{\"@context\":\"https:\\\/\\\/schema.org\",\"@graph\":[{\"@type\":\"Article\",\"@id\":\"https:\\\/\\\/www.daltonsomare.com\\\/fr\\\/25-ans-de-parcours-des-mondes\\\/#article\",\"isPartOf\":{\"@id\":\"https:\\\/\\\/www.daltonsomare.com\\\/fr\\\/25-ans-de-parcours-des-mondes\\\/\"},\"author\":{\"name\":\"admin\",\"@id\":\"https:\\\/\\\/www.daltonsomare.com\\\/fr\\\/#\\\/schema\\\/person\\\/1f6d9b3e9b9418cf383d42b411010b8f\"},\"headline\":\"25 ans de Parcours des Mondes!\",\"datePublished\":\"2026-08-24T15:14:58+00:00\",\"dateModified\":\"2026-08-26T08:50:32+00:00\",\"mainEntityOfPage\":{\"@id\":\"https:\\\/\\\/www.daltonsomare.com\\\/fr\\\/25-ans-de-parcours-des-mondes\\\/\"},\"wordCount\":295,\"commentCount\":0,\"publisher\":{\"@id\":\"https:\\\/\\\/www.daltonsomare.com\\\/fr\\\/#organization\"},\"image\":{\"@id\":\"https:\\\/\\\/www.daltonsomare.com\\\/fr\\\/25-ans-de-parcours-des-mondes\\\/#primaryimage\"},\"thumbnailUrl\":\"https:\\\/\\\/www.daltonsomare.com\\\/wp-content\\\/uploads\\\/2026\\\/08\\\/African-Art-Newsletter-Parcours-des-Mondes-Paris-2026-Dalton-Somare.jpg\",\"articleSection\":[\"News\"],\"inLanguage\":\"fr-FR\",\"potentialAction\":[{\"@type\":\"CommentAction\",\"name\":\"Comment\",\"target\":[\"https:\\\/\\\/www.daltonsomare.com\\\/fr\\\/25-ans-de-parcours-des-mondes\\\/#respond\"]}]},{\"@type\":\"WebPage\",\"@id\":\"https:\\\/\\\/www.daltonsomare.com\\\/fr\\\/25-ans-de-parcours-des-mondes\\\/\",\"url\":\"https:\\\/\\\/www.daltonsomare.com\\\/fr\\\/25-ans-de-parcours-des-mondes\\\/\",\"name\":\"25 ans de Parcours des Mondes | Dalton Somar\u00e9\",\"isPartOf\":{\"@id\":\"https:\\\/\\\/www.daltonsomare.com\\\/fr\\\/#website\"},\"primaryImageOfPage\":{\"@id\":\"https:\\\/\\\/www.daltonsomare.com\\\/fr\\\/25-ans-de-parcours-des-mondes\\\/#primaryimage\"},\"image\":{\"@id\":\"https:\\\/\\\/www.daltonsomare.com\\\/fr\\\/25-ans-de-parcours-des-mondes\\\/#primaryimage\"},\"thumbnailUrl\":\"https:\\\/\\\/www.daltonsomare.com\\\/wp-content\\\/uploads\\\/2026\\\/08\\\/African-Art-Newsletter-Parcours-des-Mondes-Paris-2026-Dalton-Somare.jpg\",\"datePublished\":\"2026-08-24T15:14:58+00:00\",\"dateModified\":\"2026-08-26T08:50:32+00:00\",\"description\":\"Dalton Somar\u00e9 c\u00e9l\u00e8bre 25 ans de Parcours des Mondes et revient au 22 rue de Seine avec une exposition plac\u00e9e sous le signe de la qualit\u00e9 et de l\u2019\u00e9l\u00e9gance.\",\"breadcrumb\":{\"@id\":\"https:\\\/\\\/www.daltonsomare.com\\\/fr\\\/25-ans-de-parcours-des-mondes\\\/#breadcrumb\"},\"inLanguage\":\"fr-FR\",\"potentialAction\":[{\"@type\":\"ReadAction\",\"target\":[\"https:\\\/\\\/www.daltonsomare.com\\\/fr\\\/25-ans-de-parcours-des-mondes\\\/\"]}]},{\"@type\":\"ImageObject\",\"inLanguage\":\"fr-FR\",\"@id\":\"https:\\\/\\\/www.daltonsomare.com\\\/fr\\\/25-ans-de-parcours-des-mondes\\\/#primaryimage\",\"url\":\"https:\\\/\\\/www.daltonsomare.com\\\/wp-content\\\/uploads\\\/2026\\\/08\\\/African-Art-Newsletter-Parcours-des-Mondes-Paris-2026-Dalton-Somare.jpg\",\"contentUrl\":\"https:\\\/\\\/www.daltonsomare.com\\\/wp-content\\\/uploads\\\/2026\\\/08\\\/African-Art-Newsletter-Parcours-des-Mondes-Paris-2026-Dalton-Somare.jpg\",\"width\":1595,\"height\":1754,\"caption\":\"Exhibition of African Art, Parcours des Mondes in Paris, 2026 Dalton Somare Gallery\"},{\"@type\":\"BreadcrumbList\",\"@id\":\"https:\\\/\\\/www.daltonsomare.com\\\/fr\\\/25-ans-de-parcours-des-mondes\\\/#breadcrumb\",\"itemListElement\":[{\"@type\":\"ListItem\",\"position\":1,\"name\":\"Home\",\"item\":\"https:\\\/\\\/www.daltonsomare.com\\\/fr\\\/accueil\\\/\"},{\"@type\":\"ListItem\",\"position\":2,\"name\":\"25 ans de Parcours des Mondes!\"}]},{\"@type\":\"WebSite\",\"@id\":\"https:\\\/\\\/www.daltonsomare.com\\\/fr\\\/#website\",\"url\":\"https:\\\/\\\/www.daltonsomare.com\\\/fr\\\/\",\"name\":\"Dalton Somar\u00e9\",\"description\":\"Fine African Art \u2013 Ancient Art of Asia\",\"publisher\":{\"@id\":\"https:\\\/\\\/www.daltonsomare.com\\\/fr\\\/#organization\"},\"alternateName\":\"Dalton Somar\u00e9 Gallery Milano\",\"potentialAction\":[{\"@type\":\"SearchAction\",\"target\":{\"@type\":\"EntryPoint\",\"urlTemplate\":\"https:\\\/\\\/www.daltonsomare.com\\\/fr\\\/?s={search_term_string}\"},\"query-input\":{\"@type\":\"PropertyValueSpecification\",\"valueRequired\":true,\"valueName\":\"search_term_string\"}}],\"inLanguage\":\"fr-FR\"},{\"@type\":\"Organization\",\"@id\":\"https:\\\/\\\/www.daltonsomare.com\\\/fr\\\/#organization\",\"name\":\"Dalton Somar\u00e9\",\"alternateName\":\"Dalton Somar\u00e9 Gallery Milano\",\"url\":\"https:\\\/\\\/www.daltonsomare.com\\\/fr\\\/\",\"logo\":{\"@type\":\"ImageObject\",\"inLanguage\":\"fr-FR\",\"@id\":\"https:\\\/\\\/www.daltonsomare.com\\\/fr\\\/#\\\/schema\\\/logo\\\/image\\\/\",\"url\":\"https:\\\/\\\/www.daltonsomare.com\\\/wp-content\\\/uploads\\\/2022\\\/04\\\/Dalton-Somare-Gallery-Milano.png\",\"contentUrl\":\"https:\\\/\\\/www.daltonsomare.com\\\/wp-content\\\/uploads\\\/2022\\\/04\\\/Dalton-Somare-Gallery-Milano.png\",\"width\":1638,\"height\":1687,\"caption\":\"Dalton Somar\u00e9\"},\"image\":{\"@id\":\"https:\\\/\\\/www.daltonsomare.com\\\/fr\\\/#\\\/schema\\\/logo\\\/image\\\/\"},\"sameAs\":[\"https:\\\/\\\/www.facebook.com\\\/Dalton.Somare\",\"https:\\\/\\\/www.instagram.com\\\/dalton_somare_milano\\\/\",\"https:\\\/\\\/www.linkedin.com\\\/company\\\/dalton-somare\",\"https:\\\/\\\/www.youtube.com\\\/channel\\\/UCESUxIEubGYjrJPKLjmFX3w\"]},{\"@type\":\"Person\",\"@id\":\"https:\\\/\\\/www.daltonsomare.com\\\/fr\\\/#\\\/schema\\\/person\\\/1f6d9b3e9b9418cf383d42b411010b8f\",\"name\":\"admin\",\"image\":{\"@type\":\"ImageObject\",\"inLanguage\":\"fr-FR\",\"@id\":\"https:\\\/\\\/secure.gravatar.com\\\/avatar\\\/abe0da20819459f9b4a9551bf7f8fdd1cddc0313cb5c8072aecf72fac7415166?s=96&d=mm&r=g\",\"url\":\"https:\\\/\\\/secure.gravatar.com\\\/avatar\\\/abe0da20819459f9b4a9551bf7f8fdd1cddc0313cb5c8072aecf72fac7415166?s=96&d=mm&r=g\",\"contentUrl\":\"https:\\\/\\\/secure.gravatar.com\\\/avatar\\\/abe0da20819459f9b4a9551bf7f8fdd1cddc0313cb5c8072aecf72fac7415166?s=96&d=mm&r=g\",\"caption\":\"admin\"}}]}<\/script>\n<!-- \/ Yoast SEO plugin. -->","yoast_head_json":{"title":"25 ans de Parcours des Mondes | Dalton Somar\u00e9","description":"Dalton Somar\u00e9 c\u00e9l\u00e8bre 25 ans de Parcours des Mondes et revient au 22 rue de Seine avec une exposition plac\u00e9e sous le signe de la qualit\u00e9 et de l\u2019\u00e9l\u00e9gance.","robots":{"index":"index","follow":"follow","max-snippet":"max-snippet:-1","max-image-preview":"max-image-preview:large","max-video-preview":"max-video-preview:-1"},"canonical":"https:\/\/www.daltonsomare.com\/fr\/25-ans-de-parcours-des-mondes\/\/","og_locale":"fr_FR","og_type":"article","og_title":"25 ans de Parcours des Mondes | Dalton Somar\u00e9","og_description":"Dalton Somar\u00e9 c\u00e9l\u00e8bre 25 ans de Parcours des Mondes et revient au 22 rue de Seine avec une exposition plac\u00e9e sous le signe de la qualit\u00e9 et de l\u2019\u00e9l\u00e9gance.","og_url":"https:\/\/www.daltonsomare.com\/fr\/25-ans-de-parcours-des-mondes\/\/","og_site_name":"Dalton Somar\u00e9","article_publisher":"https:\/\/www.facebook.com\/Dalton.Somare","article_published_time":"2026-08-24T15:14:58+00:00","article_modified_time":"2026-08-26T08:50:32+00:00","og_image":[{"width":1595,"height":1754,"url":"https:\/\/www.daltonsomare.com\/wp-content\/uploads\/2026\/08\/African-Art-Newsletter-Parcours-des-Mondes-Paris-2026-Dalton-Somare.jpg","type":"image\/jpeg"}],"author":"admin","twitter_card":"summary_large_image","schema":{"@context":"https:\/\/schema.org","@graph":[{"@type":"Article","@id":"https:\/\/www.daltonsomare.com\/fr\/25-ans-de-parcours-des-mondes\/#article","isPartOf":{"@id":"https:\/\/www.daltonsomare.com\/fr\/25-ans-de-parcours-des-mondes\/"},"author":{"name":"admin","@id":"https:\/\/www.daltonsomare.com\/fr\/#\/schema\/person\/1f6d9b3e9b9418cf383d42b411010b8f"},"headline":"25 ans de Parcours des Mondes!","datePublished":"2026-08-24T15:14:58+00:00","dateModified":"2026-08-26T08:50:32+00:00","mainEntityOfPage":{"@id":"https:\/\/www.daltonsomare.com\/fr\/25-ans-de-parcours-des-mondes\/"},"wordCount":295,"commentCount":0,"publisher":{"@id":"https:\/\/www.daltonsomare.com\/fr\/#organization"},"image":{"@id":"https:\/\/www.daltonsomare.com\/fr\/25-ans-de-parcours-des-mondes\/#primaryimage"},"thumbnailUrl":"https:\/\/www.daltonsomare.com\/wp-content\/uploads\/2026\/08\/African-Art-Newsletter-Parcours-des-Mondes-Paris-2026-Dalton-Somare.jpg","articleSection":["News"],"inLanguage":"fr-FR","potentialAction":[{"@type":"CommentAction","name":"Comment","target":["https:\/\/www.daltonsomare.com\/fr\/25-ans-de-parcours-des-mondes\/#respond"]}]},{"@type":"WebPage","@id":"https:\/\/www.daltonsomare.com\/fr\/25-ans-de-parcours-des-mondes\/","url":"https:\/\/www.daltonsomare.com\/fr\/25-ans-de-parcours-des-mondes\/","name":"25 ans de Parcours des Mondes | Dalton Somar\u00e9","isPartOf":{"@id":"https:\/\/www.daltonsomare.com\/fr\/#website"},"primaryImageOfPage":{"@id":"https:\/\/www.daltonsomare.com\/fr\/25-ans-de-parcours-des-mondes\/#primaryimage"},"image":{"@id":"https:\/\/www.daltonsomare.com\/fr\/25-ans-de-parcours-des-mondes\/#primaryimage"},"thumbnailUrl":"https:\/\/www.daltonsomare.com\/wp-content\/uploads\/2026\/08\/African-Art-Newsletter-Parcours-des-Mondes-Paris-2026-Dalton-Somare.jpg","datePublished":"2026-08-24T15:14:58+00:00","dateModified":"2026-08-26T08:50:32+00:00","description":"Dalton Somar\u00e9 c\u00e9l\u00e8bre 25 ans de Parcours des Mondes et revient au 22 rue de Seine avec une exposition plac\u00e9e sous le signe de la qualit\u00e9 et de l\u2019\u00e9l\u00e9gance.","breadcrumb":{"@id":"https:\/\/www.daltonsomare.com\/fr\/25-ans-de-parcours-des-mondes\/#breadcrumb"},"inLanguage":"fr-FR","potentialAction":[{"@type":"ReadAction","target":["https:\/\/www.daltonsomare.com\/fr\/25-ans-de-parcours-des-mondes\/"]}]},{"@type":"ImageObject","inLanguage":"fr-FR","@id":"https:\/\/www.daltonsomare.com\/fr\/25-ans-de-parcours-des-mondes\/#primaryimage","url":"https:\/\/www.daltonsomare.com\/wp-content\/uploads\/2026\/08\/African-Art-Newsletter-Parcours-des-Mondes-Paris-2026-Dalton-Somare.jpg","contentUrl":"https:\/\/www.daltonsomare.com\/wp-content\/uploads\/2026\/08\/African-Art-Newsletter-Parcours-des-Mondes-Paris-2026-Dalton-Somare.jpg","width":1595,"height":1754,"caption":"Exhibition of African Art, Parcours des Mondes in Paris, 2026 Dalton Somare Gallery"},{"@type":"BreadcrumbList","@id":"https:\/\/www.daltonsomare.com\/fr\/25-ans-de-parcours-des-mondes\/#breadcrumb","itemListElement":[{"@type":"ListItem","position":1,"name":"Home","item":"https:\/\/www.daltonsomare.com\/fr\/accueil\/"},{"@type":"ListItem","position":2,"name":"25 ans de Parcours des Mondes!"}]},{"@type":"WebSite","@id":"https:\/\/www.daltonsomare.com\/fr\/#website","url":"https:\/\/www.daltonsomare.com\/fr\/","name":"Dalton Somar\u00e9","description":"Fine African Art \u2013 Ancient Art of Asia","publisher":{"@id":"https:\/\/www.daltonsomare.com\/fr\/#organization"},"alternateName":"Dalton Somar\u00e9 Gallery Milano","potentialAction":[{"@type":"SearchAction","target":{"@type":"EntryPoint","urlTemplate":"https:\/\/www.daltonsomare.com\/fr\/?s={search_term_string}"},"query-input":{"@type":"PropertyValueSpecification","valueRequired":true,"valueName":"search_term_string"}}],"inLanguage":"fr-FR"},{"@type":"Organization","@id":"https:\/\/www.daltonsomare.com\/fr\/#organization","name":"Dalton Somar\u00e9","alternateName":"Dalton Somar\u00e9 Gallery Milano","url":"https:\/\/www.daltonsomare.com\/fr\/","logo":{"@type":"ImageObject","inLanguage":"fr-FR","@id":"https:\/\/www.daltonsomare.com\/fr\/#\/schema\/logo\/image\/","url":"https:\/\/www.daltonsomare.com\/wp-content\/uploads\/2022\/04\/Dalton-Somare-Gallery-Milano.png","contentUrl":"https:\/\/www.daltonsomare.com\/wp-content\/uploads\/2022\/04\/Dalton-Somare-Gallery-Milano.png","width":1638,"height":1687,"caption":"Dalton Somar\u00e9"},"image":{"@id":"https:\/\/www.daltonsomare.com\/fr\/#\/schema\/logo\/image\/"},"sameAs":["https:\/\/www.facebook.com\/Dalton.Somare","https:\/\/www.instagram.com\/dalton_somare_milano\/","https:\/\/www.linkedin.com\/company\/dalton-somare","https:\/\/www.youtube.com\/channel\/UCESUxIEubGYjrJPKLjmFX3w"]},{"@type":"Person","@id":"https:\/\/www.daltonsomare.com\/fr\/#\/schema\/person\/1f6d9b3e9b9418cf383d42b411010b8f","name":"admin","image":{"@type":"ImageObject","inLanguage":"fr-FR","@id":"https:\/\/secure.gravatar.com\/avatar\/abe0da20819459f9b4a9551bf7f8fdd1cddc0313cb5c8072aecf72fac7415166?s=96&d=mm&r=g","url":"https:\/\/secure.gravatar.com\/avatar\/abe0da20819459f9b4a9551bf7f8fdd1cddc0313cb5c8072aecf72fac7415166?s=96&d=mm&r=g","contentUrl":"https:\/\/secure.gravatar.com\/avatar\/abe0da20819459f9b4a9551bf7f8fdd1cddc0313cb5c8072aecf72fac7415166?s=96&d=mm&r=g","caption":"admin"}}]}},"_links":{"self":[{"href":"https:\/\/www.daltonsomare.com\/fr\/wp-json\/wp\/v2\/posts\/10296","targetHints":{"allow":["GET"]}}],"collection":[{"href":"https:\/\/www.daltonsomare.com\/fr\/wp-json\/wp\/v2\/posts"}],"about":[{"href":"https:\/\/www.daltonsomare.com\/fr\/wp-json\/wp\/v2\/types\/post"}],"author":[{"embeddable":true,"href":"https:\/\/www.daltonsomare.com\/fr\/wp-json\/wp\/v2\/users\/1"}],"replies":[{"embeddable":true,"href":"https:\/\/www.daltonsomare.com\/fr\/wp-json\/wp\/v2\/comments?post=10296"}],"version-history":[{"count":12,"href":"https:\/\/www.daltonsomare.com\/fr\/wp-json\/wp\/v2\/posts\/10296\/revisions"}],"predecessor-version":[{"id":10336,"href":"https:\/\/www.daltonsomare.com\/fr\/wp-json\/wp\/v2\/posts\/10296\/revisions\/10336"}],"wp:featuredmedia":[{"embeddable":true,"href":"https:\/\/www.daltonsomare.com\/fr\/wp-json\/wp\/v2\/media\/10285"}],"wp:attachment":[{"href":"https:\/\/www.daltonsomare.com\/fr\/wp-json\/wp\/v2\/media?parent=10296"}],"wp:term":[{"taxonomy":"category","embeddable":true,"href":"https:\/\/www.daltonsomare.com\/fr\/wp-json\/wp\/v2\/categories?post=10296"},{"taxonomy":"post_tag","embeddable":true,"href":"https:\/\/www.daltonsomare.com\/fr\/wp-json\/wp\/v2\/tags?post=10296"}],"curies":[{"name":"wp","href":"https:\/\/api.w.org\/{rel}","templated":true}]}}